{"id":1828,"date":"2023-11-26T22:23:58","date_gmt":"2023-11-26T21:23:58","guid":{"rendered":"https:\/\/mariaisabel.mdrurales.com\/?p=1828"},"modified":"2025-10-20T21:19:14","modified_gmt":"2025-10-20T19:19:14","slug":"abierta-la-causa-de-canonizacion-de-maria-isabel-gonzalez-del-valle-con-otra-buena-noticia","status":"publish","type":"post","link":"https:\/\/mariaisabel.mdrurales.com\/?p=1828","title":{"rendered":"Abierta la causa de canonizaci\u00f3n de Mar\u00eda Isabel Gonz\u00e1lez del Valle con otra buena noticia"},"content":{"rendered":"<p><strong><em>El acto de apertura de la causa de canonizaci\u00f3n de Mar\u00eda Isabel Gonz\u00e1lez del Valle, fundadora de las Misioneras de las Doctrinas Rurales, tuvo lugar el 18 de noviembre en la iglesia del Sagrado Coraz\u00f3n, en M\u00e1laga, en la que reposan los restos del P. Arnaiz. En dicho acto, el Sr. Obispo, D. Jes\u00fas Catal\u00e1, hizo p\u00fablico que se ha aprobado el proceso de estudio del milagro con el que se pondr\u00eda en marcha la canonizaci\u00f3n del beato P. Arnaiz.<\/em><\/strong><\/p>\n<p><!--more--><\/p>\n<p>En el templo donde reposan los restos de quien fue director espiritual de Mar\u00eda Isabel Gonz\u00e1lez del Valle, y con quien fundara a las Misioneras de las Doctrinas Rurales, daba comienzo a las 11 de la ma\u00f1ana el acto apertura de la causa de canonizaci\u00f3n de la sierva de Dios, en su fase diocesana.&nbsp;<\/p>\n<div>\n<div id=\"myBtn\"><img decoding=\"async\" src=\"https:\/\/www.diocesismalaga.es\/cms\/media\/articulos\/articulos-258845.jpg\" alt=\"\"><\/div>\n<\/div>\n<p>&nbsp;<\/p>\n<p>Tras la invocaci\u00f3n del Esp\u00edritu Santo y la lectura de un fragmento de la exhortaci\u00f3n apost\u00f3lica del papa Francisco Gaudete et Exsultate, la postulafora de la causa, la hermana Inmaculada Vila Morera, hizo una breve explicaci\u00f3n de los motivos y la investigaci\u00f3n que se ha llevado a cabo desde el comienzo hasta ese d\u00eda; despu\u00e9s el secretario general canciller, Francisco Garc\u00eda Villalobos, ley\u00f3 el \u00abNohil obstat\u00bb recibido de la Sagrada Congregaci\u00f3n para la Causa de los Santos en el que se especifica que no hay ning\u00fan impedimento para que se introduzca esta causa.<\/p>\n<div>\n<div id=\"myBtn\"><img decoding=\"async\" src=\"https:\/\/www.diocesismalaga.es\/cms\/media\/articulos\/articulos-258842.jpg\" alt=\"\"><\/div>\n<\/div>\n<p>&nbsp;<\/p>\n<p>Se constituy\u00f3 el tribunal para esta causa y cada uno de sus miembros acept\u00f3 la misi\u00f3n encomendada y jur\u00f3 llevarla a cabo seg\u00fan la normativa de la Iglesia. El tribunal qued\u00f3 constituido por Federico Cort\u00e9s como juez delegado; Antonio Eloy Madue\u00f1o como promotor de justicia;&nbsp;Francisco Antonio Cervantes como notario-actuario y la hermana&nbsp;Inmaculada Vila como postuladora&nbsp;de la causa de beatificaci\u00f3n.<\/p>\n<p>Terminado el juramento, la postuladora present\u00f3 al Sr. Obispo la lista de testigos que ser\u00e1n interrogados con el fin de investigar los hechos y la fama de santidad de Mar\u00eda Isabel y el acto concluy\u00f3 con la firma del acta de todo lo vivido y recogido esa ma\u00f1ana, por parte de todos los miembros del tribunal.<\/p>\n<p>D. Jes\u00fas explic\u00f3 a todos los participantes en el acto la importancia de lo vivido y anim\u00f3 al tribuna y a las Misioneras de las Doctrinas Rurales a seguir con seguir trabajando con entrega y esperanza, adem\u00e1s de invitar a todos los presentes a celebrar juntos la Eucarist\u00eda tras concluir el acto jur\u00eddico.<\/p>\n<div>\n<div id=\"myBtn\"><img decoding=\"async\" src=\"https:\/\/www.diocesismalaga.es\/cms\/media\/articulos\/articulos-258844.jpg\" alt=\"\"><\/div>\n<\/div>\n<p>&nbsp;<\/p>\n<p>En la Eucarist\u00eda, presidida por un numeroso grupo de sacerdotes entre los que se encontraba el p\u00e1rroco de Gibralgalia, Herm\u00e1n Marcel Lunar, particip\u00f3 tambi\u00e9n el coro de los Heraldos del Evangelio, entre los que se encuentran algunos familiares de Mar\u00eda Isabel Gonz\u00e1lez del Valle.&nbsp;<\/p>\n<p>En su homil\u00eda, el Sr. Obispo expres\u00f3 que \u00absiempre es bueno recordar las maravillas que el Se\u00f1or ha hecho en Mar\u00eda Isabel, en la obra de las Misioneras de las Doctrinas Rurales y en la persona y misi\u00f3n del beato P. Arnaiz\u00bb y agradeci\u00f3 a las hermanas su \u00abentrega, personalidad, carisma misionero y tenacidad pues cuando comenz\u00e1is algo lo llev\u00e1is hasta el final\u00bb.<\/p>\n<p>Ante un templo repleto de fieles que se hab\u00edan acercado a vivir en directo la apertura de la causa de canonizaci\u00f3n de Mar\u00eda Isabel, D. Jes\u00fas Catal\u00e1 hizo p\u00fablica una noticia que acababa de recibir: \u00abla aprobaci\u00f3n del proceso de estudio de un milagro, sucedido en Zaragoza, con el que se seguir\u00eda adelante en la causa de canonizaci\u00f3n del beato P. Arnaiz. Ya ha sido estudiado por los m\u00e9dicos que no han encontrado explicaci\u00f3n cient\u00edfica\u00bb, a lo que los presentes respondieron con un sentido aplauso.<\/p>\n<p>En la fiesta de la&nbsp;dedicaci\u00f3n de las bas\u00edlicas de&nbsp;San Pedro y San Pablo, el Sr. Obispo pidi\u00f3 de forma especial por el papa Francisco&nbsp;y por la Compa\u00f1\u00eda de Jes\u00fas que hab\u00eda acogido el acto con mucho cari\u00f1o; y tambi\u00e9n para que \u00abel proceso que hoy se abre siga su curso y podamos celebrar, un d\u00eda no muy lejano, la beatificaci\u00f3n de Mar\u00eda Isabel\u00bb.&nbsp;<\/p>\n<p><strong>Otros actos<\/strong><\/p>\n<p>Otros actos se han organizado con motivo de esta apertura: el viernes 17 de noviembre, a las 19.00 horas, en la iglesia de la Aurora y Divina Provindencia (Hermandad de Vi\u00f1eros), tuvo lugar una conferencia sobre la vida y las virtudes de Mar\u00eda Isabel, por Monse\u00f1or Alberto Jos\u00e9 Gonz\u00e1lez Ch\u00e1vez, bi\u00f3grafo del P. Arnaiz; y el domingo 19 de noviembre, a las 11.00 horas, en la iglesia de Sierra de Gibralgalia se celebr\u00f3 la Santa Misa de Acci\u00f3n de Gracias y se visit\u00f3&nbsp;el sepulcro de Mar\u00eda Isabel.<\/p>\n<p>Desde Gibralgalia, su p\u00e1rroco, Herm\u00e1n Marcel Lunar, explicaba en el programa EL ESPEJO DE COPE M\u00c1LAGA, c\u00f3mo se sent\u00eda la parroquia ante la noticia:<\/p>\n<p><audio controls=\"controls\" data-mce-fragment=\"1\"><\/audio><\/p>\n<p>Art\u00edculo publicado en <a href=\"https:\/\/www.diocesismalaga.es\/buscador\/2014058260\/abierta-la-causa-de-canonizacion-de-maria-isabel-gonzalez-del-valle-con-otra-buena-noticia\/\" target=\"_blank\" rel=\"noopener\">Di\u00f3cesis M\u00e1laga<\/a><\/p>\n","protected":false},"excerpt":{"rendered":"<p>El acto de apertura de la causa de canonizaci\u00f3n de Mar\u00eda Isabel Gonz\u00e1lez del Valle, fundadora de las Misioneras de las Doctrinas Rurales, tuvo lugar el 18 de noviembre en la iglesia del Sagrado Coraz\u00f3n, en M\u00e1laga, en la que reposan los restos del P. Arnaiz. En dicho acto, el Sr. Obispo, D. Jes\u00fas Catal\u00e1, [&hellip;]<\/p>\n","protected":false},"author":1,"featured_media":1829,"comment_status":"closed","ping_status":"open","sticky":false,"template":"","format":"standard","meta":{"ngg_post_thumbnail":0,"footnotes":""},"categories":[43,23,9,6,14,15,4],"tags":[49,40,35,27,30,48,31],"class_list":{"0":"post-1828","1":"post","2":"type-post","3":"status-publish","4":"format-standard","5":"has-post-thumbnail","6":"hentry","7":"category-articulos","8":"category-audios","9":"category-multimedia","10":"category-noticias","11":"category-obra-de-las-doctrinas-rurales","12":"category-padre-arnaiz-s-j","13":"category-vida","14":"tag-apostolado","15":"tag-causa-de-beatificacion","16":"tag-gibralgalia","17":"tag-maria-isabel-gonzalez-del-valle","18":"tag-misioneras-rurales","19":"tag-obispo","20":"tag-padre-arnaiz","22":"post-with-thumbnail","23":"post-with-thumbnail-large"},"_links":{"self":[{"href":"https:\/\/mariaisabel.mdrurales.com\/index.php?rest_route=\/wp\/v2\/posts\/1828","targetHints":{"allow":["GET"]}}],"collection":[{"href":"https:\/\/mariaisabel.mdrurales.com\/index.php?rest_route=\/wp\/v2\/posts"}],"about":[{"href":"https:\/\/mariaisabel.mdrurales.com\/index.php?rest_route=\/wp\/v2\/types\/post"}],"author":[{"embeddable":true,"href":"https:\/\/mariaisabel.mdrurales.com\/index.php?rest_route=\/wp\/v2\/users\/1"}],"replies":[{"embeddable":true,"href":"https:\/\/mariaisabel.mdrurales.com\/index.php?rest_route=%2Fwp%2Fv2%2Fcomments&post=1828"}],"version-history":[{"count":4,"href":"https:\/\/mariaisabel.mdrurales.com\/index.php?rest_route=\/wp\/v2\/posts\/1828\/revisions"}],"predecessor-version":[{"id":2049,"href":"https:\/\/mariaisabel.mdrurales.com\/index.php?rest_route=\/wp\/v2\/posts\/1828\/revisions\/2049"}],"wp:featuredmedia":[{"embeddable":true,"href":"https:\/\/mariaisabel.mdrurales.com\/index.php?rest_route=\/wp\/v2\/media\/1829"}],"wp:attachment":[{"href":"https:\/\/mariaisabel.mdrurales.com\/index.php?rest_route=%2Fwp%2Fv2%2Fmedia&parent=1828"}],"wp:term":[{"taxonomy":"category","embeddable":true,"href":"https:\/\/mariaisabel.mdrurales.com\/index.php?rest_route=%2Fwp%2Fv2%2Fcategories&post=1828"},{"taxonomy":"post_tag","embeddable":true,"href":"https:\/\/mariaisabel.mdrurales.com\/index.php?rest_route=%2Fwp%2Fv2%2Ftags&post=1828"}],"curies":[{"name":"wp","href":"https:\/\/api.w.org\/{rel}","templated":true}]}}