{"id":1863,"date":"2024-01-07T16:23:38","date_gmt":"2024-01-07T15:23:38","guid":{"rendered":"https:\/\/mariaisabel.mdrurales.com\/?p=1863"},"modified":"2025-10-20T21:18:23","modified_gmt":"2025-10-20T19:18:23","slug":"maria-isabel-gonzalez-del-valle-creatividad-evangelizadora","status":"publish","type":"post","link":"https:\/\/mariaisabel.mdrurales.com\/?p=1863","title":{"rendered":"MAR\u00cdA ISABEL GONZ\u00c1LEZ DEL VALLE  Creatividad evangelizadora"},"content":{"rendered":"<p><strong>Art\u00edculo del Bolet\u00edn de las Misioneras n\u00ba39<\/strong><\/p>\n<p>El pasado 18 de noviembre, en la Iglesia del Sagrado Coraz\u00f3n de M\u00e1laga, tuvo lugar el acto oficial de apertura del Proceso Diocesano de Beatificaci\u00f3n de nuestra Fundadora: Mar\u00eda Isabel Gonz\u00e1lez del Valle Sarandeses.<\/p>\n<p><!--more--><\/p>\n<p>Ya el 25 de noviembre de 2019, el Sr. Obispo de M\u00e1laga, D. Jes\u00fas Catal\u00e1, hab\u00eda nombrado un tribunal \u201cNe Pereant\u201d para ir recogiendo los testimonios de las personas que, por su avanzada edad, pod\u00edan fallecer antes de que se tramitara el Nihil Obstat para la apertura oficial del Proceso.<br \/>\nEn estos cuatro a\u00f1os hemos visto c\u00f3mo el cari\u00f1o y admiraci\u00f3n hacia la figura de Mar\u00eda Isabel ha ido extendi\u00e9ndose, y esto nos espolea a seguir adelante.<\/p>\n<p>Las misioneras creemos que ni el P. Arnaiz S.J., ni Mar\u00eda Isabel, estar\u00edan de acuerdo en que merm\u00e1ramos nuestros trabajos apost\u00f3licos por dedicarnos a promover sus Procesos de Canonizaci\u00f3n. Pero parece que nuestra Santa Madre Iglesia, por medio del pueblo fiel y sus pastores, nos animan a elevar al culto p\u00fablico a estos dos enamorados del Coraz\u00f3n de Cristo que tan heroicamente trabajaron y se desgastaron por el bien de las almas.<br \/>\nEl P. Arnaiz y Mar\u00eda Isabel son un don de Dios, no solamente para nuestra Obra de las Doctrinas Rurales, sino para toda la Iglesia. Su labor evangelizadora se extendi\u00f3 por muchos rincones de nuestra geograf\u00eda y su mensaje sigue estando vivo, no solo por el carisma apost\u00f3lico que nos legaron, sino tambi\u00e9n en el recuerdo que permanece entre los descendientes de aquellos que los conocieron y trataron, y por el inter\u00e9s creciente entre los que hoy van descubriendo sus vidas y virtudes.<br \/>\nQuiz\u00e1 el difundirse tan r\u00e1pido la admiraci\u00f3n por sus figuras, sea porque tienen un mensaje actual para la Iglesia que est\u00e1 muy preocupada, hoy, por m\u00e9todos de Nueva Evangelizaci\u00f3n para nuestra sociedad paganizada.<br \/>\nEllos fueron dos evangelizadores de vanguardia del siglo XX, con medios novedosos para llegar a los m\u00e1s alejados, a los m\u00e1s pobres material y espiritualmente. Fueron creativos y emprendedores en las formas nuevas, rompedoras, \u201cescandalizantes\u201d para muchos, pero sus empresas y su imparable actividad apost\u00f3lica estaba empujada desde dentro, por el fuego que abrasaba sus corazones: el amor a Jesucristo que acallaba todo cansancio y toda dificultad.<br \/>\nNo caigamos en el error de confundir la labor evangelizadora solamente en una lucha por conseguir para el hombre un bienestar material, ni en dejarlo prisionero de una afectividad sensiblera. La dignidad de cada ser humano est\u00e1 en su llamamiento a vivir la Vida Divina y, \u00fanicamente la Gracia que nos santifica, nos llevar\u00e1 a tener los mismos sentimientos de Cristo Jes\u00fas, d\u00e1ndonos la libertad plena en la m\u00e1xima docilidad al Esp\u00edritu Santo; s\u00f3lo as\u00ed seremos testigos valientes de nuestro Dios, que se anonad\u00f3 hasta tomar un Coraz\u00f3n humano para amar a los hombres y dar la vida por ellos, a fin de que ellos pudieran \u201cdivinizarse\u201d y vivir para siempre unidos a su Padre celestial.<br \/>\nQue nuestra creatividad evangelizadora brote, como la del P. Arnaiz y Mar\u00eda Isabel, de nuestra identificaci\u00f3n con el Coraz\u00f3n del Se\u00f1or y del deseo de que todos le conozcan y le amen.<br \/>\nAs\u00ed lo deseamos a todos nuestros familiares, amigos y bienhechores.<\/p>\n","protected":false},"excerpt":{"rendered":"<p>Art\u00edculo del Bolet\u00edn de las Misioneras n\u00ba39 El pasado 18 de noviembre, en la Iglesia del Sagrado Coraz\u00f3n de M\u00e1laga, tuvo lugar el acto oficial de apertura del Proceso Diocesano de Beatificaci\u00f3n de nuestra Fundadora: Mar\u00eda Isabel Gonz\u00e1lez del Valle Sarandeses.<\/p>\n","protected":false},"author":1,"featured_media":1865,"comment_status":"closed","ping_status":"open","sticky":false,"template":"","format":"standard","meta":{"ngg_post_thumbnail":0,"footnotes":""},"categories":[16,43,10,8,11,12,5,6,14,15,13,17,4],"tags":[49,40,35,27,30,48,31],"class_list":{"0":"post-1863","1":"post","2":"type-post","3":"status-publish","4":"format-standard","5":"has-post-thumbnail","6":"hentry","7":"category-anecdotas","8":"category-articulos","9":"category-biografia","10":"category-contacto","11":"category-cronologia","12":"category-espiritualidad","13":"category-favores","14":"category-noticias","15":"category-obra-de-las-doctrinas-rurales","16":"category-padre-arnaiz-s-j","17":"category-pensamientos","18":"category-testimonios","19":"category-vida","20":"tag-apostolado","21":"tag-causa-de-beatificacion","22":"tag-gibralgalia","23":"tag-maria-isabel-gonzalez-del-valle","24":"tag-misioneras-rurales","25":"tag-obispo","26":"tag-padre-arnaiz","28":"post-with-thumbnail","29":"post-with-thumbnail-large"},"_links":{"self":[{"href":"https:\/\/mariaisabel.mdrurales.com\/index.php?rest_route=\/wp\/v2\/posts\/1863","targetHints":{"allow":["GET"]}}],"collection":[{"href":"https:\/\/mariaisabel.mdrurales.com\/index.php?rest_route=\/wp\/v2\/posts"}],"about":[{"href":"https:\/\/mariaisabel.mdrurales.com\/index.php?rest_route=\/wp\/v2\/types\/post"}],"author":[{"embeddable":true,"href":"https:\/\/mariaisabel.mdrurales.com\/index.php?rest_route=\/wp\/v2\/users\/1"}],"replies":[{"embeddable":true,"href":"https:\/\/mariaisabel.mdrurales.com\/index.php?rest_route=%2Fwp%2Fv2%2Fcomments&post=1863"}],"version-history":[{"count":5,"href":"https:\/\/mariaisabel.mdrurales.com\/index.php?rest_route=\/wp\/v2\/posts\/1863\/revisions"}],"predecessor-version":[{"id":2048,"href":"https:\/\/mariaisabel.mdrurales.com\/index.php?rest_route=\/wp\/v2\/posts\/1863\/revisions\/2048"}],"wp:featuredmedia":[{"embeddable":true,"href":"https:\/\/mariaisabel.mdrurales.com\/index.php?rest_route=\/wp\/v2\/media\/1865"}],"wp:attachment":[{"href":"https:\/\/mariaisabel.mdrurales.com\/index.php?rest_route=%2Fwp%2Fv2%2Fmedia&parent=1863"}],"wp:term":[{"taxonomy":"category","embeddable":true,"href":"https:\/\/mariaisabel.mdrurales.com\/index.php?rest_route=%2Fwp%2Fv2%2Fcategories&post=1863"},{"taxonomy":"post_tag","embeddable":true,"href":"https:\/\/mariaisabel.mdrurales.com\/index.php?rest_route=%2Fwp%2Fv2%2Ftags&post=1863"}],"curies":[{"name":"wp","href":"https:\/\/api.w.org\/{rel}","templated":true}]}}