{"id":2114,"date":"2026-01-08T11:16:50","date_gmt":"2026-01-08T10:16:50","guid":{"rendered":"https:\/\/mariaisabel.mdrurales.com\/?p=2114"},"modified":"2026-01-09T22:25:51","modified_gmt":"2026-01-09T21:25:51","slug":"inaugurado-el-jubileo-por-el-beato-tiburcio-arnaiz-en-la-diocesis-de-malaga","status":"publish","type":"post","link":"https:\/\/mariaisabel.mdrurales.com\/?p=2114","title":{"rendered":"Inaugurado el Jubileo por el beato Tiburcio Arnaiz en la Di\u00f3cesis de M\u00e1laga"},"content":{"rendered":"<p><strong>Este s\u00e1bado 3 de enero, d\u00eda del Sant\u00edsimo Nombre de Jes\u00fas, titular de la Compa\u00f1\u00eda de Jes\u00fas, a las 12.00 h. en la iglesia del Sagrado Coraz\u00f3n de M\u00e1laga, se ha abierto el tiempo jubilar que la Santa Sede ha concedido a la Di\u00f3cesis de M\u00e1laga por el centenario de la muerte del beato Tiburcio Arnaiz, acontecida el 18 de julio de 1926. Este tiempo, que se extender\u00e1 hasta el 20 de octubre, quiere ser aprovechado, especialmente, para difundir y profundizar en la espiritualidad del Sagrado Coraz\u00f3n de Jes\u00fas. En el templo de este nombre en el centro de M\u00e1laga, regido por la Compa\u00f1\u00eda de Jes\u00fas, se podr\u00e1 ganar la Indulgencia Plenaria con las condiciones acostumbradas, y durante todo el a\u00f1o se vivir\u00e1 este tiempo de gozo por el legado del beato, cuyo segundo milagro est\u00e1 m\u00e1s cerca de ser reconocido.<\/strong><!--more--><\/p>\n<hr>\n<p>El 3 de enero se ha abierto el tiempo jubilar concedido a la Di\u00f3cesis de M\u00e1laga por el centenario de la muerte, en olor de santidad, del beato Tiburcio Arnaiz. Las fechas cumbre de este jubileo contemplan tambi\u00e9n el aniversario de su partida al Padre (18 de julio) y el D\u00eda del Sagrado Coraz\u00f3n de Jes\u00fas, devoci\u00f3n que sostuvo su misi\u00f3n.<\/p>\n<p>La solemne Eucarist\u00eda de apertura de este Jubileo ha tenido lugar en la iglesia del Sagrado Coraz\u00f3n de Jes\u00fas, de los jesuitas (plaza de san Ignacio, de M\u00e1laga) el 3 de enero a las 12.00 horas, presidida por el obispo em\u00e9rito de Pamplona y Tudela D. Francisco P\u00e9rez.&nbsp;<\/p>\n<p>La Eucarist\u00eda ha sido concelebrada por el superior de los jesuitas en la di\u00f3cesis, Pablo Ruiz Lozano sj, junto a otros sacerdotes de la Compa\u00f1\u00eda de Jes\u00fas de M\u00e1laga y algunos diocesanos vinculados a la figura del beato, como el p\u00e1rroco de La Natividad, \u00c1ngel Antonio Chac\u00f3n, en cuya feligres\u00eda se encuentra la comunidad de las misioneras.&nbsp;<\/p>\n<p>Han participado los miembros del patronato del Padre Arnaiz, todas las misioneras de las Doctrinas Rurales y numerosos devotos del jesuita. La celebraci\u00f3n, especialmente solemne por ser el d\u00eda del Sant\u00edsimo Nombre de Jes\u00fas y apertura del jubileo, ha estado acompa\u00f1ada por el coro diocesano, y en ella se ha venerado una reliquia del beato que estuvo presente en la beatificaci\u00f3n, en 2018.&nbsp;<\/p>\n<p>Las lecturas y las preces han sido le\u00eddas por miembros del patronato y devotos.&nbsp;<\/p>\n<p>En su homil\u00eda, Don Francisco P\u00e9rez ha expresado la acci\u00f3n de gracias por la vida de Tiburcio Arnaiz, de cuya muerte hace memoria este jubileo. Ha destacado que en \u00e9l se hace visible la unidad entre oraci\u00f3n y obras. \u201c\u00c9l ten\u00eda siempre presente en su oraci\u00f3n que el amor sin sacrificio no es virtud, y encontramos en \u00e9l el ejemplo de c\u00f3mo Jes\u00fas acompa\u00f1a nuestro sufrimiento para salvarnos. El padre Arnaiz es testigo de una vida entroncada en Cristo y de buscar los intereses de Jes\u00fas, no los nuestros\u201d, ha destacado.<\/p>\n<p>El obispo em\u00e9rito de Pamplona ha trasmitido el saludo del obispo de M\u00e1laga, D. Jos\u00e9 Antonio Satu\u00e9, que no ha podido acudir por encontrarse fuera, y ha recordado la labor de los anteriores prelados malacitanos en el avance de la causa del beato.<\/p>\n<div>\n<div id=\"myBtn\"><img decoding=\"async\" src=\"https:\/\/www.diocesismalaga.es\/cms\/media\/articulos\/articulos-269451.jpg\" alt=\"\"><\/div>\n<\/div>\n<p>&nbsp;<\/p>\n<div>Durante este tiempo jubilar, ser\u00e1n especialmente solemnes los d\u00edas 18 de cada mes, siempre dedicados al recuerdo del beato que impuls\u00f3 la evangelizaci\u00f3n de las clases m\u00e1s pobres y, especialmente, las que poblaban las zonas rurales. Adem\u00e1s, ser\u00e1n muy se\u00f1aladas las fechas del 18 de julio, en que falleci\u00f3; la fiesta del Sagrado Coraz\u00f3n de Jes\u00fas, el 12 de junio, y la clausura jubilar, el 20 de octubre, d\u00eda en que fue beatificado hace 8 a\u00f1os. Durante los meses de junio y julio se ofrecer\u00e1 una exposici\u00f3n en el edificio anexo al templo y muchas otras iniciativas.<\/div>\n<div>\n<div id=\"myBtn\"><img decoding=\"async\" src=\"https:\/\/www.diocesismalaga.es\/cms\/media\/articulos\/articulos-269452.jpg\" alt=\"\"><\/div>\n<\/div>\n<p>&nbsp;<\/p>\n<p><strong>SAGRADO CORAZ\u00d3N<\/strong><\/p>\n<p>El Sagrado Coraz\u00f3n ser\u00e1 el hilo conductor de este Jubileo, una devoci\u00f3n que la enc\u00edclica&nbsp;Dilexit nos&nbsp;ha vuelto a poner de especial relieve, y que est\u00e1 muy unida a la vida y obra del beato Arnaiz. En palabras de Leticia Montero, superiora de las Misioneras de las Doctrinas Rurales, \u00ab\u00e9l fue el ap\u00f3stol de Sagrado Coraz\u00f3n en M\u00e1laga. Desde su llegada a nuestra ciudad, tras pronunciar sus \u00faltimos votos, el d\u00eda de la Asunci\u00f3n de 1912, prometi\u00f3 al Divino Coraz\u00f3n, que si le concede diez a\u00f1os de vida, trabajar\u00eda sin descanso por Su Gloria. Consigui\u00f3 que se volviera a procesionar &nbsp;su imagen, promovi\u00f3 entronizaciones en hogares y pueblos, y abundantes consagraciones personales, y de familias. Tanto las Misioneras de las Doctrinas Rurales como la Compa\u00f1\u00eda de Jes\u00fas y el Patronato del P. Arnaiz queremos aprovechar este jubileo para dar a conocer m\u00e1s su figura y profundizar en esta espiritualidad\u00bb.<\/p>\n<p>Art\u00edculo publicado en <a href=\"https:\/\/www.diocesismalaga.es\/noticias-parroquias\/2014061719\/inaugurado-el-jubileo-por-el-beato-tiburcio-arnaiz-en-la-diocesis-de-malaga\/\" target=\"_blank\" rel=\"noopener\">Di\u00f3cesis M\u00e1laga<\/a><\/p>\n","protected":false},"excerpt":{"rendered":"<p>Este s\u00e1bado 3 de enero, d\u00eda del Sant\u00edsimo Nombre de Jes\u00fas, titular de la Compa\u00f1\u00eda de Jes\u00fas, a las 12.00 h. en la iglesia del Sagrado Coraz\u00f3n de M\u00e1laga, se ha abierto el tiempo jubilar que la Santa Sede ha concedido a la Di\u00f3cesis de M\u00e1laga por el centenario de la muerte del beato Tiburcio [&hellip;]<\/p>\n","protected":false},"author":1,"featured_media":2115,"comment_status":"closed","ping_status":"open","sticky":false,"template":"","format":"standard","meta":{"ngg_post_thumbnail":0,"footnotes":""},"categories":[1],"tags":[],"class_list":{"0":"post-2114","1":"post","2":"type-post","3":"status-publish","4":"format-standard","5":"has-post-thumbnail","6":"hentry","7":"category-uncategorized","9":"post-with-thumbnail","10":"post-with-thumbnail-large"},"_links":{"self":[{"href":"https:\/\/mariaisabel.mdrurales.com\/index.php?rest_route=\/wp\/v2\/posts\/2114","targetHints":{"allow":["GET"]}}],"collection":[{"href":"https:\/\/mariaisabel.mdrurales.com\/index.php?rest_route=\/wp\/v2\/posts"}],"about":[{"href":"https:\/\/mariaisabel.mdrurales.com\/index.php?rest_route=\/wp\/v2\/types\/post"}],"author":[{"embeddable":true,"href":"https:\/\/mariaisabel.mdrurales.com\/index.php?rest_route=\/wp\/v2\/users\/1"}],"replies":[{"embeddable":true,"href":"https:\/\/mariaisabel.mdrurales.com\/index.php?rest_route=%2Fwp%2Fv2%2Fcomments&post=2114"}],"version-history":[{"count":3,"href":"https:\/\/mariaisabel.mdrurales.com\/index.php?rest_route=\/wp\/v2\/posts\/2114\/revisions"}],"predecessor-version":[{"id":2135,"href":"https:\/\/mariaisabel.mdrurales.com\/index.php?rest_route=\/wp\/v2\/posts\/2114\/revisions\/2135"}],"wp:featuredmedia":[{"embeddable":true,"href":"https:\/\/mariaisabel.mdrurales.com\/index.php?rest_route=\/wp\/v2\/media\/2115"}],"wp:attachment":[{"href":"https:\/\/mariaisabel.mdrurales.com\/index.php?rest_route=%2Fwp%2Fv2%2Fmedia&parent=2114"}],"wp:term":[{"taxonomy":"category","embeddable":true,"href":"https:\/\/mariaisabel.mdrurales.com\/index.php?rest_route=%2Fwp%2Fv2%2Fcategories&post=2114"},{"taxonomy":"post_tag","embeddable":true,"href":"https:\/\/mariaisabel.mdrurales.com\/index.php?rest_route=%2Fwp%2Fv2%2Ftags&post=2114"}],"curies":[{"name":"wp","href":"https:\/\/api.w.org\/{rel}","templated":true}]}}